{"id":1816,"date":"2026-04-04T19:30:57","date_gmt":"2026-04-04T19:30:57","guid":{"rendered":"https:\/\/bosnistika.ba\/?p=1816"},"modified":"2026-04-04T19:30:58","modified_gmt":"2026-04-04T19:30:58","slug":"objavljen-novi-roman-fajke-kadrica","status":"publish","type":"post","link":"https:\/\/bosnistika.ba\/index.php\/2026\/04\/04\/objavljen-novi-roman-fajke-kadrica\/","title":{"rendered":"Objavljen novi roman Fajke Kadri\u0107a"},"content":{"rendered":"\n<p><strong>Izvor: <a href=\"https:\/\/behrambeg.ba\/objavljen-novi-roman-fajke-kadrica\/\">Specijalna biblioteka \u201cBehram-beg\u201d<\/a><\/strong><\/p>\n\n\n\n<p>U izdanju Biblioteke \u201cBehram-beg\u201d u Tuzli je objavljen novi roman <strong>Fajke Kadri\u0107a<\/strong> pod naslovom \u201cSmajkanov\u201d. To je roman koji tematizira stradanje Bo\u0161njaka u Genocidu u Srebrenici, a glavni lik romana je konkretni narator <strong>\u0160emsudin Salihovi\u0107 Smajkanov<\/strong>. Zapravo, ovo je roman o jedanaest dana jula 1995. godine, koji je prostorno markiran Srebrenicom i \u017denevom. Knji\u017eevna kritika roman je odmah prepoznala kao izuzetan, a tome doprinosi autorova prepoznatljiva vje\u0161tina pripovijedanja. Recenzenti romana su prof. dr. <strong>Mirsad Kuni\u0107<\/strong> i prof. <strong>Mirzet Hamzi\u0107<\/strong>. U ime izdava\u010da Biblioteke \u201cBehram-beg\u201d predgovor je napisao direktor dr. <strong>Ahmed Hatuni\u0107<\/strong>.<\/p>\n\n\n\n<p>Prvo izdanja romana \u201cSmajkanov\u201d prati nekoliko primjeraka luksuznog izdanja, s ko\u017enim uvezom, koji je namijenjen prijateljima ovog zna\u010dajnog projekta.<\/p>\n\n\n\n<p><strong>Fajko Kadri\u0107<\/strong> u bosanskohercegova\u010dku i bo\u0161nja\u010dku knji\u017eevnost u\u0161ao je na mala vrata knjigama pripovijedaka te romanima o kojima je knji\u017eevna kritika dala svoju rije\u010d. Da se radi o izuzetnom pripovjeda\u010du, svjedo\u010de ne samo nagrade nego i ponovljena izdanja koja su bila rasprodata u rekordnom vremenu. O ovom romanu sam autor isti\u010de sljede\u0107e:<\/p>\n\n\n\n<blockquote class=\"wp-block-quote is-layout-flow wp-block-quote-is-layout-flow\">\n<p>\u201cSretne su i nesretne zemlje u kojima pisci izmi\u0161ljaju pri\u010de. Sretne jer su odgojile \u010dovjeka koji ma\u0161ta, nesretne, jer ni\u0161ta nije istina. Bosna je zemlja nevjerovatnih pri\u010da koje svoj \u017eivot duguju \u010dovjeku koji je bio kadar pre\u017eivjeti ih, a onda ih i napisati. \u010cesto je te sposobnosti te\u0161ko zate\u0107i u istom \u010dovjeku i mnoge jo\u0161 uvijek, kao sljepice, pipaju\u0107i tumaraju mra\u010dnim hodnicima historije, tra\u017ee\u0107i nekoga ko je u stanju izvesti ih na svjetlost trajnog pam\u0107enja. Najnesretniji doga\u0111aji i isku\u0161enja, koliko god ih se te\u0161ko sje\u0107ati, kada se ostvare kao pri\u010de, postanu podno\u0161ljivije. Ova pri\u010da je odabrala mene da je izvedem iz mraka. Da me je birala kao onog ko je mo\u017ee pre\u017eivjeti, pogrije\u0161ila bi \u2013 jedva sam pre\u017eivio i njeno pisanje. Ako sam. Sre\u0107a bosanskog pisca je \u0161to pri\u010da od njega ne o\u010dekuje da je izmi\u0161lja, a nesre\u0107a, \u0161to je i on mora pre\u017eivjeti.\u201d<\/p>\n<\/blockquote>\n\n\n\n<p>U narednim danima Biblioteka \u0107e na vrijeme informirati javnost o promocijama romana. Prva promocija planirana je za 15. april 2026. godine u Tuzli.<\/p>\n\n\n\n<p>Na portalu <strong>\u201cBosnistika\u201d<\/strong> ekskluzivno pro\u010ditajte recenziju prof. dr. <strong>Mirsada Kuni\u0107a<\/strong>. \u25a0<\/p>\n\n\n\n<p> <\/p>\n","protected":false},"excerpt":{"rendered":"<p>Izvor: Specijalna biblioteka \u201cBehram-beg\u201d U izdanju Biblioteke \u201cBehram-beg\u201d u Tuzli je objavljen novi roman Fajke Kadri\u0107a pod naslovom \u201cSmajkanov\u201d. To je roman koji tematizira stradanje Bo\u0161njaka u Genocidu u Srebrenici, a glavni lik romana je konkretni narator \u0160emsudin Salihovi\u0107 Smajkanov. Zapravo, ovo je roman o jedanaest dana jula 1995. godine, koji je prostorno markiran Srebrenicom [&hellip;]<\/p>\n","protected":false},"author":2,"featured_media":1817,"comment_status":"closed","ping_status":"closed","sticky":false,"template":"","format":"standard","meta":{"jnews-multi-image_gallery":[],"jnews_single_post":{"format":"standard"},"jnews_primary_category":[],"jnews_social_meta":[],"jnews_override_counter":[],"footnotes":""},"categories":[18,17],"tags":[],"class_list":["post-1816","post","type-post","status-publish","format-standard","has-post-thumbnail","hentry","category-bosna-i-hercegovina","category-vijesti"],"_links":{"self":[{"href":"https:\/\/bosnistika.ba\/index.php\/wp-json\/wp\/v2\/posts\/1816","targetHints":{"allow":["GET"]}}],"collection":[{"href":"https:\/\/bosnistika.ba\/index.php\/wp-json\/wp\/v2\/posts"}],"about":[{"href":"https:\/\/bosnistika.ba\/index.php\/wp-json\/wp\/v2\/types\/post"}],"author":[{"embeddable":true,"href":"https:\/\/bosnistika.ba\/index.php\/wp-json\/wp\/v2\/users\/2"}],"replies":[{"embeddable":true,"href":"https:\/\/bosnistika.ba\/index.php\/wp-json\/wp\/v2\/comments?post=1816"}],"version-history":[{"count":1,"href":"https:\/\/bosnistika.ba\/index.php\/wp-json\/wp\/v2\/posts\/1816\/revisions"}],"predecessor-version":[{"id":1818,"href":"https:\/\/bosnistika.ba\/index.php\/wp-json\/wp\/v2\/posts\/1816\/revisions\/1818"}],"wp:featuredmedia":[{"embeddable":true,"href":"https:\/\/bosnistika.ba\/index.php\/wp-json\/wp\/v2\/media\/1817"}],"wp:attachment":[{"href":"https:\/\/bosnistika.ba\/index.php\/wp-json\/wp\/v2\/media?parent=1816"}],"wp:term":[{"taxonomy":"category","embeddable":true,"href":"https:\/\/bosnistika.ba\/index.php\/wp-json\/wp\/v2\/categories?post=1816"},{"taxonomy":"post_tag","embeddable":true,"href":"https:\/\/bosnistika.ba\/index.php\/wp-json\/wp\/v2\/tags?post=1816"}],"curies":[{"name":"wp","href":"https:\/\/api.w.org\/{rel}","templated":true}]}}