{"id":1863,"date":"2026-04-21T07:48:49","date_gmt":"2026-04-21T07:48:49","guid":{"rendered":"https:\/\/bosnistika.ba\/?p=1863"},"modified":"2026-04-21T07:48:50","modified_gmt":"2026-04-21T07:48:50","slug":"posjetite-53-knjizevni-korner","status":"publish","type":"post","link":"https:\/\/bosnistika.ba\/index.php\/2026\/04\/21\/posjetite-53-knjizevni-korner\/","title":{"rendered":"Posjetite 53. \u201cKnji\u017eevni korner\u201d"},"content":{"rendered":"\n<p><strong>Izvor: Knji\u017eevni korner<\/strong><\/p>\n\n\n\n<p>Pedeset tre\u0107e izdanje programa\u00a0<em>Knji\u017eevni korner<\/em>\u00a0odr\u017eat \u0107e se u srijedu 22. aprila 2026. godine s po\u010detkom u 18 sati u Multimedijalnom centru \u201cMak\u201d (Alipa\u0161ina 6a). Gost programa je\u00a0<strong>Berislav Juri\u010d<\/strong>.<\/p>\n\n\n\n<p><strong>Berislav Juri\u010d<\/strong> ro\u0111en je 1980. godine u Tomislav-Gradu. \u017divi i radi u Mostaru. Dobitnik je niza knji\u017eevnih nagrada za poeziju i prozu, me\u0111u kojima i dvije \u0160imi\u0107eve nagrade, te priznanja za novinarski rad. Godine 2018. progla\u0161en je novinarom godine u Bosni i Hercegovini. Autor je zbirke kratkih pri\u010da \u201cNaspavani psi laju\u201d (2013), scenarist serijala kratkih animiranih filmova \u201cObitelj Grabo\u201d, koscenarist dokumentarnog filma \u201cStigme\u201d te autor nekoliko filmskih scenarija. Objavio je i dvije zbirke poezije \u2013 \u201cGolotinja\u201d (2020) i \u201cKapi\u201d (2025).<\/p>\n\n\n\n<p>S <strong>Juri\u010dem<\/strong> \u0107e o novinarstvu, kulturi i knji\u017eevnosti, naro\u010dito o zbirci poezije \u201cKapi\u201d razgovarati <strong>Elvis Ljaji\u0107<\/strong>. \u25a0<\/p>\n","protected":false},"excerpt":{"rendered":"<p>Izvor: Knji\u017eevni korner Pedeset tre\u0107e izdanje programa\u00a0Knji\u017eevni korner\u00a0odr\u017eat \u0107e se u srijedu 22. aprila 2026. godine s po\u010detkom u 18 sati u Multimedijalnom centru \u201cMak\u201d (Alipa\u0161ina 6a). Gost programa je\u00a0Berislav Juri\u010d. Berislav Juri\u010d ro\u0111en je 1980. godine u Tomislav-Gradu. \u017divi i radi u Mostaru. Dobitnik je niza knji\u017eevnih nagrada za poeziju i prozu, me\u0111u kojima [&hellip;]<\/p>\n","protected":false},"author":2,"featured_media":1864,"comment_status":"closed","ping_status":"closed","sticky":false,"template":"","format":"standard","meta":{"jnews-multi-image_gallery":[],"jnews_single_post":{"format":"standard"},"jnews_primary_category":[],"jnews_social_meta":[],"jnews_override_counter":[],"footnotes":""},"categories":[18,17],"tags":[],"class_list":["post-1863","post","type-post","status-publish","format-standard","has-post-thumbnail","hentry","category-bosna-i-hercegovina","category-vijesti"],"_links":{"self":[{"href":"https:\/\/bosnistika.ba\/index.php\/wp-json\/wp\/v2\/posts\/1863","targetHints":{"allow":["GET"]}}],"collection":[{"href":"https:\/\/bosnistika.ba\/index.php\/wp-json\/wp\/v2\/posts"}],"about":[{"href":"https:\/\/bosnistika.ba\/index.php\/wp-json\/wp\/v2\/types\/post"}],"author":[{"embeddable":true,"href":"https:\/\/bosnistika.ba\/index.php\/wp-json\/wp\/v2\/users\/2"}],"replies":[{"embeddable":true,"href":"https:\/\/bosnistika.ba\/index.php\/wp-json\/wp\/v2\/comments?post=1863"}],"version-history":[{"count":2,"href":"https:\/\/bosnistika.ba\/index.php\/wp-json\/wp\/v2\/posts\/1863\/revisions"}],"predecessor-version":[{"id":1866,"href":"https:\/\/bosnistika.ba\/index.php\/wp-json\/wp\/v2\/posts\/1863\/revisions\/1866"}],"wp:featuredmedia":[{"embeddable":true,"href":"https:\/\/bosnistika.ba\/index.php\/wp-json\/wp\/v2\/media\/1864"}],"wp:attachment":[{"href":"https:\/\/bosnistika.ba\/index.php\/wp-json\/wp\/v2\/media?parent=1863"}],"wp:term":[{"taxonomy":"category","embeddable":true,"href":"https:\/\/bosnistika.ba\/index.php\/wp-json\/wp\/v2\/categories?post=1863"},{"taxonomy":"post_tag","embeddable":true,"href":"https:\/\/bosnistika.ba\/index.php\/wp-json\/wp\/v2\/tags?post=1863"}],"curies":[{"name":"wp","href":"https:\/\/api.w.org\/{rel}","templated":true}]}}