{"id":1870,"date":"2026-04-26T09:57:34","date_gmt":"2026-04-26T09:57:34","guid":{"rendered":"https:\/\/bosnistika.ba\/?p=1870"},"modified":"2026-04-26T09:57:35","modified_gmt":"2026-04-26T09:57:35","slug":"refik-bulic-o-narodnim-govorima-i-bosanskom-pravopisu","status":"publish","type":"post","link":"https:\/\/bosnistika.ba\/index.php\/2026\/04\/26\/refik-bulic-o-narodnim-govorima-i-bosanskom-pravopisu\/","title":{"rendered":"Refik Buli\u0107: O narodnim govorima i \u201cBosanskom pravopisu\u201d"},"content":{"rendered":"\n<p><strong>Izvor: <a href=\"https:\/\/radiobrcko.ba\/vijesti-brcko\/u-sredi-tu-pa-nje-lingvista-refik-buli-o-dijalektima-u-bih-i-bosanskom-pravopisu\/?fbclid=IwY2xjawRau5VleHRuA2FlbQIxMQBicmlkETFQMDVNMjQyRDVkdmNFMFpWc3J0YwZhcHBfaWQQMjIyMDM5MTc4ODIwMDg5MgABHnSnLP5_wYLGbENkZ_Ktomw_c34fOl-S27CtoPRcRRPdHQoAbtYAySh4E6Sg_aem_xnYQx7xIo-1Pd_dmAXI2dA\">Radio Br\u010dko<\/a><\/strong><\/p>\n\n\n\n<p>Autor \u201cBosanskog pravopisa\u201d prof. dr. <strong>Refik Buli\u0107<\/strong> bio je gost Radija Br\u010dko u emisiji \u201cU sredi\u0161tu pa\u017enje\u201d (emitirana 25. 4. 2026). Intervju je vodila <strong>Emina Osmi\u0107-Hajdarevi\u0107<\/strong>. Audiosnimak intervjua (20 min.) mo\u017eete prona\u0107i u tekstu dostupnom na sljede\u0107em linku:<\/p>\n\n\n\n<p><strong><a href=\"https:\/\/radiobrcko.ba\/vijesti-brcko\/u-sredi-tu-pa-nje-lingvista-refik-buli-o-dijalektima-u-bih-i-bosanskom-pravopisu\/?fbclid=IwY2xjawRau5VleHRuA2FlbQIxMQBicmlkETFQMDVNMjQyRDVkdmNFMFpWc3J0YwZhcHBfaWQQMjIyMDM5MTc4ODIwMDg5MgABHnSnLP5_wYLGbENkZ_Ktomw_c34fOl-S27CtoPRcRRPdHQoAbtYAySh4E6Sg_aem_xnYQx7xIo-1Pd_dmAXI2dA\">Refik Buli\u0107 \u2013 U sredi\u0161tu pa\u017enje (Radio Br\u010dko, intervju)<\/a><\/strong> \u25a0<\/p>\n\n\n\n<p><\/p>\n","protected":false},"excerpt":{"rendered":"<p>Izvor: Radio Br\u010dko Autor \u201cBosanskog pravopisa\u201d prof. dr. Refik Buli\u0107 bio je gost Radija Br\u010dko u emisiji \u201cU sredi\u0161tu pa\u017enje\u201d (emitirana 25. 4. 2026). Intervju je vodila Emina Osmi\u0107-Hajdarevi\u0107. Audiosnimak intervjua (20 min.) mo\u017eete prona\u0107i u tekstu dostupnom na sljede\u0107em linku: Refik Buli\u0107 \u2013 U sredi\u0161tu pa\u017enje (Radio Br\u010dko, intervju) \u25a0<\/p>\n","protected":false},"author":2,"featured_media":1872,"comment_status":"closed","ping_status":"closed","sticky":false,"template":"","format":"standard","meta":{"jnews-multi-image_gallery":[],"jnews_single_post":{"format":"standard"},"jnews_primary_category":[],"jnews_social_meta":[],"jnews_override_counter":[],"footnotes":""},"categories":[41,40],"tags":[],"class_list":["post-1870","post","type-post","status-publish","format-standard","has-post-thumbnail","hentry","category-intervjui","category-portret"],"_links":{"self":[{"href":"https:\/\/bosnistika.ba\/index.php\/wp-json\/wp\/v2\/posts\/1870","targetHints":{"allow":["GET"]}}],"collection":[{"href":"https:\/\/bosnistika.ba\/index.php\/wp-json\/wp\/v2\/posts"}],"about":[{"href":"https:\/\/bosnistika.ba\/index.php\/wp-json\/wp\/v2\/types\/post"}],"author":[{"embeddable":true,"href":"https:\/\/bosnistika.ba\/index.php\/wp-json\/wp\/v2\/users\/2"}],"replies":[{"embeddable":true,"href":"https:\/\/bosnistika.ba\/index.php\/wp-json\/wp\/v2\/comments?post=1870"}],"version-history":[{"count":1,"href":"https:\/\/bosnistika.ba\/index.php\/wp-json\/wp\/v2\/posts\/1870\/revisions"}],"predecessor-version":[{"id":1873,"href":"https:\/\/bosnistika.ba\/index.php\/wp-json\/wp\/v2\/posts\/1870\/revisions\/1873"}],"wp:featuredmedia":[{"embeddable":true,"href":"https:\/\/bosnistika.ba\/index.php\/wp-json\/wp\/v2\/media\/1872"}],"wp:attachment":[{"href":"https:\/\/bosnistika.ba\/index.php\/wp-json\/wp\/v2\/media?parent=1870"}],"wp:term":[{"taxonomy":"category","embeddable":true,"href":"https:\/\/bosnistika.ba\/index.php\/wp-json\/wp\/v2\/categories?post=1870"},{"taxonomy":"post_tag","embeddable":true,"href":"https:\/\/bosnistika.ba\/index.php\/wp-json\/wp\/v2\/tags?post=1870"}],"curies":[{"name":"wp","href":"https:\/\/api.w.org\/{rel}","templated":true}]}}