{"id":1876,"date":"2026-04-30T15:41:22","date_gmt":"2026-04-30T15:41:22","guid":{"rendered":"https:\/\/bosnistika.ba\/?p=1876"},"modified":"2026-04-30T15:41:23","modified_gmt":"2026-04-30T15:41:23","slug":"najava-dogadjaja-promocija-monografije-sarajevo-u-17-stoljecu-muamera-hodzica","status":"publish","type":"post","link":"https:\/\/bosnistika.ba\/index.php\/2026\/04\/30\/najava-dogadjaja-promocija-monografije-sarajevo-u-17-stoljecu-muamera-hodzica\/","title":{"rendered":"Najava doga\u0111aja: Promocija monografije \u201cSarajevo u 17. stolje\u0107u\u201d Muamera Hod\u017ei\u0107a"},"content":{"rendered":"\n<p><strong>Autor: P. B.<\/strong><\/p>\n\n\n\n<p>Orijentalni institut Univerziteta u Sarajevu organizira promociju monografije <em>Sarajevo u 17. stolje\u0107u<\/em> autora dr. <strong>Muamera Hod\u017ei\u0107a<\/strong>, koja \u0107e se odr\u017eati <strong>7. maja 2026. godine<\/strong> (<strong>\u010detvrtak) <\/strong>u Sve\u010danoj sali Rektorata Univerziteta u Sarajevu, s po\u010detkom u <strong>14 sati.<\/strong><\/p>\n\n\n\n<p>Rije\u010d je o zna\u010dajnom nau\u010dnom i kulturnom doga\u0111aju na kojem \u0107e biti predstavljeni novi uvidi u historiju Sarajeva u 17. stolje\u0107u, najslabije istra\u017eenom razdoblju grada tokom osmanske vlasti.<\/p>\n\n\n\n<p>Knjiga je rezultat vi\u0161egodi\u0161njeg istra\u017eivanja temeljenog na osmanskim arhivskim izvorima i relevantnoj historiografskoj literaturi. Monografijom se javnosti predstavlja razdoblje u kojem se Sarajevo profilira kao va\u017eno urbano, administrativno i kulturno sredi\u0161te na zapadnim granicama Osmanskog Carstva. Poseban doprinos monografije ogleda se u analizi urbanog razvoja grada, s naglaskom na prostornu organizaciju mahala i ulogu njihovih osniva\u010da.<\/p>\n\n\n\n<p>Tako\u0111er, monografija donosi uvid u demografsku, konfesionalnu i profesionalnu strukturu stanovni\u0161tva, kao i ulogu vakufskih institucija, zanatskih esnafa i trgova\u010dkih mre\u017ea u razvoju grada. Posebno se razmatra funkcioniranje sarajevske \u010dar\u0161ije i razli\u010diti aspekti gradske svakodnevice. Sarajevo 17. stolje\u0107a prikazano je kao razvijen urbani prostor obilje\u017een intenzivnim privrednim, dru\u0161tvenim i kulturnim aktivnostima, uz kontinuiranu interakciju razli\u010ditih dru\u0161tvenih i konfesionalnih skupina.<\/p>\n\n\n\n<p>Na promociji \u0107e, osim autora, o knjizi govoriti dr. <strong>Elma Kori\u0107<\/strong>, nau\u010dna savjetnica u Orijentalnom institutu, i dr. <strong>Sedad Be\u0161lija<\/strong>, nau\u010dni savjetnik i direktor Instituta za historiju u Sarajevu. Moderatorica promocije je<a><\/a> dr. <strong>Mad\u017eida Ma\u0161i\u0107<\/strong>. \u25a0<\/p>\n","protected":false},"excerpt":{"rendered":"<p>Autor: P. B. Orijentalni institut Univerziteta u Sarajevu organizira promociju monografije Sarajevo u 17. stolje\u0107u autora dr. Muamera Hod\u017ei\u0107a, koja \u0107e se odr\u017eati 7. maja 2026. godine (\u010detvrtak) u Sve\u010danoj sali Rektorata Univerziteta u Sarajevu, s po\u010detkom u 14 sati. Rije\u010d je o zna\u010dajnom nau\u010dnom i kulturnom doga\u0111aju na kojem \u0107e biti predstavljeni novi uvidi [&hellip;]<\/p>\n","protected":false},"author":2,"featured_media":1877,"comment_status":"closed","ping_status":"closed","sticky":false,"template":"","format":"standard","meta":{"jnews-multi-image_gallery":[],"jnews_single_post":{"format":"standard"},"jnews_primary_category":[],"jnews_social_meta":[],"jnews_override_counter":[],"footnotes":""},"categories":[18,17],"tags":[],"class_list":["post-1876","post","type-post","status-publish","format-standard","has-post-thumbnail","hentry","category-bosna-i-hercegovina","category-vijesti"],"_links":{"self":[{"href":"https:\/\/bosnistika.ba\/index.php\/wp-json\/wp\/v2\/posts\/1876","targetHints":{"allow":["GET"]}}],"collection":[{"href":"https:\/\/bosnistika.ba\/index.php\/wp-json\/wp\/v2\/posts"}],"about":[{"href":"https:\/\/bosnistika.ba\/index.php\/wp-json\/wp\/v2\/types\/post"}],"author":[{"embeddable":true,"href":"https:\/\/bosnistika.ba\/index.php\/wp-json\/wp\/v2\/users\/2"}],"replies":[{"embeddable":true,"href":"https:\/\/bosnistika.ba\/index.php\/wp-json\/wp\/v2\/comments?post=1876"}],"version-history":[{"count":1,"href":"https:\/\/bosnistika.ba\/index.php\/wp-json\/wp\/v2\/posts\/1876\/revisions"}],"predecessor-version":[{"id":1878,"href":"https:\/\/bosnistika.ba\/index.php\/wp-json\/wp\/v2\/posts\/1876\/revisions\/1878"}],"wp:featuredmedia":[{"embeddable":true,"href":"https:\/\/bosnistika.ba\/index.php\/wp-json\/wp\/v2\/media\/1877"}],"wp:attachment":[{"href":"https:\/\/bosnistika.ba\/index.php\/wp-json\/wp\/v2\/media?parent=1876"}],"wp:term":[{"taxonomy":"category","embeddable":true,"href":"https:\/\/bosnistika.ba\/index.php\/wp-json\/wp\/v2\/categories?post=1876"},{"taxonomy":"post_tag","embeddable":true,"href":"https:\/\/bosnistika.ba\/index.php\/wp-json\/wp\/v2\/tags?post=1876"}],"curies":[{"name":"wp","href":"https:\/\/api.w.org\/{rel}","templated":true}]}}